{"id":3080,"date":"2024-08-05T10:43:04","date_gmt":"2024-08-05T08:43:04","guid":{"rendered":"https:\/\/edukatus.se\/emelie-malm-named-teacher-of-the-year-in-ljungby\/"},"modified":"2024-09-11T10:50:46","modified_gmt":"2024-09-11T08:50:46","slug":"emelie-malm-named-teacher-of-the-year-in-ljungby","status":"publish","type":"post","link":"https:\/\/edukatus.se\/en\/emelie-malm-named-teacher-of-the-year-in-ljungby\/","title":{"rendered":"Emelie Malm Named Teacher of the Year in Ljungby"},"content":{"rendered":"\n<p><strong>You\u2019re Teacher of the Year in Ljungby \u2013 how does it feel?<\/strong><\/p>\n\n<p>\u2013 It feels fantastic! I\u2019m very grateful and humbled by this, fully aware that there are many \u201cbest teachers in Ljungby\u201d in the municipality, and especially at our school. I\u2019ve had the privilege of learning from the very best.  <\/p>\n\n<p><strong>How does it feel to be nominated by your students?<\/strong><\/p>\n\n<p>\u2013 It feels amazing to be nominated by my students. That they feel I\u2019m doing a good job for their sake is the most important thing. <\/p>\n\n<p><strong>What\u2019s your best teaching tip?<\/strong><\/p>\n\n<p>\u2013 For me, the foundation of good leadership lies in valuing my relationships with my students. The most important thing in my role as a teacher is building relationships where my students feel they matter to me, genuinely. If the students feel safe with each other and with me, we\u2019ve created a strong foundation for learning \u2013 and only then, I believe, can they absorb all my nagging about English grammar and the importance of physical activity.  <\/p>\n\n<p>Thousands of students have together nominated 3,399 teachers for the Teacher\u2019s Gala 2024 (L\u00e4rargalan), and the jury worked hard to select the Teacher of the Year winners in each municipality across Sweden.<\/p>\n\n<p>All the municipal winners are also nominated for the Teacher of the Year award in their respective counties. These county winners will then have the chance to win the prestigious Teacher of the Year prize. The Teacher\u2019s Gala will take place on October 14.  <\/p>\n","protected":false},"excerpt":{"rendered":"You\u2019re Teacher of the Year in Ljungby \u2013 how does it feel? \u2013 It feels fantastic! I\u2019m very grateful and humbled by this, fully aware that there are many \u201cbest teachers in Ljungby\u201d in the municipality, and especially at our school. I\u2019ve had the privilege of learning from the very best. How does it feel&#8230;","protected":false},"author":8,"featured_media":3078,"comment_status":"closed","ping_status":"closed","sticky":false,"template":"","format":"standard","meta":{"_acf_changed":false,"_seopress_robots_primary_cat":"none","_seopress_titles_title":"Emelie Malm \u00e4r \u00c5rets l\u00e4rare i Ljungby | Edukatos","_seopress_titles_desc":"Emelie Malm \u00e4r mellanstadiel\u00e4rare p\u00e5 Thoren Framtid i Ljungby och har nu utn\u00e4mnts till \u00c5rets l\u00e4rare i kommunen.","_seopress_robots_index":"","_relevanssi_hide_post":"","_relevanssi_hide_content":"","_relevanssi_pin_for_all":"","_relevanssi_pin_keywords":"","_relevanssi_unpin_keywords":"","_relevanssi_related_keywords":"","_relevanssi_related_include_ids":"","_relevanssi_related_exclude_ids":"","_relevanssi_related_no_append":"","_relevanssi_related_not_related":"","_relevanssi_related_posts":"","_relevanssi_noindex_reason":"","footnotes":""},"class_list":["post-3080","post","type-post","status-publish","format-standard","has-post-thumbnail","hentry"],"acf":[],"_links":{"self":[{"href":"https:\/\/edukatus.se\/en\/wp-json\/wp\/v2\/posts\/3080","targetHints":{"allow":["GET"]}}],"collection":[{"href":"https:\/\/edukatus.se\/en\/wp-json\/wp\/v2\/posts"}],"about":[{"href":"https:\/\/edukatus.se\/en\/wp-json\/wp\/v2\/types\/post"}],"author":[{"embeddable":true,"href":"https:\/\/edukatus.se\/en\/wp-json\/wp\/v2\/users\/8"}],"replies":[{"embeddable":true,"href":"https:\/\/edukatus.se\/en\/wp-json\/wp\/v2\/comments?post=3080"}],"version-history":[{"count":0,"href":"https:\/\/edukatus.se\/en\/wp-json\/wp\/v2\/posts\/3080\/revisions"}],"wp:featuredmedia":[{"embeddable":true,"href":"https:\/\/edukatus.se\/en\/wp-json\/wp\/v2\/media\/3078"}],"wp:attachment":[{"href":"https:\/\/edukatus.se\/en\/wp-json\/wp\/v2\/media?parent=3080"}],"curies":[{"name":"wp","href":"https:\/\/api.w.org\/{rel}","templated":true}]}}