{"id":3061,"date":"2024-07-29T09:03:33","date_gmt":"2024-07-29T07:03:33","guid":{"rendered":"https:\/\/edukatus.se\/catharina-hallberg-named-teacher-of-the-year-in-hassleholm\/"},"modified":"2024-09-11T09:18:04","modified_gmt":"2024-09-11T07:18:04","slug":"catharina-hallberg-named-teacher-of-the-year-in-hassleholm","status":"publish","type":"post","link":"https:\/\/edukatus.se\/en\/catharina-hallberg-named-teacher-of-the-year-in-hassleholm\/","title":{"rendered":"Catharina Hallberg Named Teacher of the Year in H\u00e4ssleholm"},"content":{"rendered":"\n<p><strong>How does it feel to be nominated by your students?<\/strong><\/p>\n\n<p>\u2013 I was very surprised and of course deeply touched. I\u2019ve had a fantastic class for the past three years. <\/p>\n\n<p><strong>In the newspaper, you mentioned that you were almost shocked by the win. Why were you so surprised?<\/strong><\/p>\n\n<p>\u2013 Being nominated for Teacher of the Year is a big deal. I didn\u2019t know that I had been nominated. That\u2019s why I was so surprised \u2013 and then, of course, very moved.  <\/p>\n\n<p><strong>How did you celebrate the award?<\/strong><\/p>\n\n<p>\u2013 I celebrated with my family. We had a nice meal and some good drinks to celebrate. <\/p>\n\n<p>Thousands of students have together nominated 3,399 teachers for the Teacher\u2019s Gala 2024, and the jury worked hard to select the Teacher of the Year winners in each municipality across Sweden.<\/p>\n\n<p>All the municipal winners are also nominated for the Teacher of the Year award in their respective counties. These county winners will have the chance to win the prestigious Teacher of the Year prize. The Teacher\u2019s Gala will take place on October 14.  <\/p>\n","protected":false},"excerpt":{"rendered":"How does it feel to be nominated by your students? \u2013 I was very surprised and of course deeply touched. I\u2019ve had a fantastic class for the past three years. In the newspaper, you mentioned that you were almost shocked by the win. Why were you so surprised? \u2013 Being nominated for Teacher of the&#8230;","protected":false},"author":8,"featured_media":3057,"comment_status":"closed","ping_status":"closed","sticky":false,"template":"","format":"standard","meta":{"_acf_changed":false,"_seopress_robots_primary_cat":"none","_seopress_titles_title":"Catharina Hallberg utsedd till \u00c5rets l\u00e4rare i H\u00e4ssleholm | Edukatos","_seopress_titles_desc":"Catharina Hallberg, mellanstadiel\u00e4rare p\u00e5 Thoren Framtid i H\u00e4ssleholm, har utn\u00e4mnts till \u00c5rets l\u00e4rare i kommunen. Ett pris hon \u00e4r lika glad som \u00f6verraskad \u00f6ver.","_seopress_robots_index":"","_relevanssi_hide_post":"","_relevanssi_hide_content":"","_relevanssi_pin_for_all":"","_relevanssi_pin_keywords":"","_relevanssi_unpin_keywords":"","_relevanssi_related_keywords":"","_relevanssi_related_include_ids":"","_relevanssi_related_exclude_ids":"","_relevanssi_related_no_append":"","_relevanssi_related_not_related":"","_relevanssi_related_posts":"","_relevanssi_noindex_reason":"","footnotes":""},"class_list":["post-3061","post","type-post","status-publish","format-standard","has-post-thumbnail","hentry"],"acf":[],"_links":{"self":[{"href":"https:\/\/edukatus.se\/en\/wp-json\/wp\/v2\/posts\/3061","targetHints":{"allow":["GET"]}}],"collection":[{"href":"https:\/\/edukatus.se\/en\/wp-json\/wp\/v2\/posts"}],"about":[{"href":"https:\/\/edukatus.se\/en\/wp-json\/wp\/v2\/types\/post"}],"author":[{"embeddable":true,"href":"https:\/\/edukatus.se\/en\/wp-json\/wp\/v2\/users\/8"}],"replies":[{"embeddable":true,"href":"https:\/\/edukatus.se\/en\/wp-json\/wp\/v2\/comments?post=3061"}],"version-history":[{"count":0,"href":"https:\/\/edukatus.se\/en\/wp-json\/wp\/v2\/posts\/3061\/revisions"}],"wp:featuredmedia":[{"embeddable":true,"href":"https:\/\/edukatus.se\/en\/wp-json\/wp\/v2\/media\/3057"}],"wp:attachment":[{"href":"https:\/\/edukatus.se\/en\/wp-json\/wp\/v2\/media?parent=3061"}],"curies":[{"name":"wp","href":"https:\/\/api.w.org\/{rel}","templated":true}]}}