{"id":2437,"date":"2024-08-13T09:24:05","date_gmt":"2024-08-13T07:24:05","guid":{"rendered":"https:\/\/edukatus.se\/moa-and-egil-graduated-as-award-winners-in-leadership-and-sales\/"},"modified":"2024-08-13T09:24:05","modified_gmt":"2024-08-13T07:24:05","slug":"moa-and-egil-graduated-as-award-winners-in-leadership-and-sales","status":"publish","type":"post","link":"https:\/\/edukatus.se\/en\/moa-and-egil-graduated-as-award-winners-in-leadership-and-sales\/","title":{"rendered":"Moa and Egil Graduated as Award-Winners in Leadership and Sales"},"content":{"rendered":"\n<p><\/p>\n\n\n\n<p class=\"is-style-default\">Moa Larssen and Egil Bergstr\u00f6m are two of this year&#8217;s graduates from Aff\u00e4rsgymnasiet G\u00e4vle. Moa completed the business program (ekonomiprogrammet), while Egil pursued the sales and service program (f\u00f6rs\u00e4ljnings- och serviceprogrammet). <\/p>\n\n\n\n<p class=\"is-style-default\">It\u2019s clear that Moa and Egil chose the right high school. Throughout the interview, they frequently highlight UF (Young Enterprise) as one of the best aspects of their time at school. Entrepreneurship is one of the cornerstones of Aff\u00e4rsgymnasiet\u2019s concept \u2013 in fact, the school is  &nbsp;<a href=\"https:\/\/www.affarsgymnasiet.se\/post\/affarsgymnasiet-bast-i-sverige-pa-ung-foretagsamhet\">among the top in Sweden when it comes to young entrepreneurship.<\/a>&nbsp;<\/p>\n\n\n\n<p class=\"is-style-default\">\u2013 The absolute best part of my time at school has been running UF. I\u2019ve learned so much about entrepreneurship and have developed tremendously as a person! I\u2019ve made new friends and built relationships with entrepreneurs that will be valuable for life, says Moa, with Egil agreeing:  <\/p>\n\n\n\n<p class=\"is-style-default\">\u2013 The fact that the school allows us to combine skills from all programs into one company makes it even more exciting. Applying what we\u2019ve learned in school to our UF company has been one of the most enjoyable experiences. &nbsp;<\/p>\n\n\n\n<p><\/p>\n\n\n<h3 class='g-block g-heading'>Framg\u00e5ngsrika och eftertraktade redan nu<\/h3>\n\n\n<p><\/p>\n\n\n\n<p class=\"is-style-default\">Despite having just graduated, Moa and Egil have already tasted the sweetness of success. Along with their schoolmate Elsa Westlund, they ran the UF company Bismart UF, which achieved several successes during the UF year. For instance, they won three awards at the UF fair \u2013 Moa even placed third in the category of Young Leader of the Year.  <\/p>\n\n\n\n<p class=\"is-style-default\">\u2013 I am so proud of what we have accomplished, and going up on stage three times was incredibly exciting, she says.<\/p>\n\n\n\n<p class=\"is-style-default\">Egil, who served as the salesperson in the UF company, is indeed passionate about sales. His long-standing goal has been to become a car salesperson \u2013 a goal he has already achieved. <\/p>\n\n\n\n<p class=\"is-style-default\">\u2013 In July, I started working full-time as a junior salesperson at Bilbolaget. Now, I look forward to continuing to develop as a car salesperson and establishing myself further within the company. &nbsp;<\/p>\n\n\n\n<p class=\"is-style-default\">Moa also has job opportunities ahead of her, specifically three different positions.&nbsp;<\/p>\n\n\n\n<p class=\"is-style-default\">\u2013 I have three jobs lined up for the first few months after graduation, and it feels incredibly exciting, she says.<\/p>\n\n\n\n<p class=\"is-style-default\"><strong>What do you hope future students at Aff\u00e4rsgymnasiet will experience?<\/strong><\/p>\n\n\n\n<p class=\"is-style-default\">\u2013 That more students get to experience what a great school this is, with dedicated and skilled teachers, says Egil.<\/p>\n","protected":false},"excerpt":{"rendered":"Moa Larssen and Egil Bergstr\u00f6m are two of this year&#8217;s graduates from Aff\u00e4rsgymnasiet G\u00e4vle. Moa completed the business program (ekonomiprogrammet), while Egil pursued the sales and service program (f\u00f6rs\u00e4ljnings- och serviceprogrammet). It\u2019s clear that Moa and Egil chose the right high school. Throughout the interview, they frequently highlight UF (Young Enterprise) as one of the&#8230;","protected":false},"author":8,"featured_media":2309,"comment_status":"closed","ping_status":"closed","sticky":false,"template":"","format":"standard","meta":{"_acf_changed":false,"_seopress_robots_primary_cat":"none","_seopress_titles_title":"Moa and Egil Graduated as Award-Winners in Leadership and Sales","_seopress_titles_desc":"Already in high school Moa Larssen and Egil Bergstr\u00f6m achieved success as young entrepreneurs. This summer they graduated \u2013 and their bright careers have only just begun. ","_seopress_robots_index":"","_relevanssi_hide_post":"","_relevanssi_hide_content":"","_relevanssi_pin_for_all":"","_relevanssi_pin_keywords":"","_relevanssi_unpin_keywords":"","_relevanssi_related_keywords":"","_relevanssi_related_include_ids":"","_relevanssi_related_exclude_ids":"","_relevanssi_related_no_append":"","_relevanssi_related_not_related":"","_relevanssi_related_posts":"","_relevanssi_noindex_reason":"","footnotes":""},"class_list":["post-2437","post","type-post","status-publish","format-standard","has-post-thumbnail","hentry"],"acf":[],"_links":{"self":[{"href":"https:\/\/edukatus.se\/en\/wp-json\/wp\/v2\/posts\/2437","targetHints":{"allow":["GET"]}}],"collection":[{"href":"https:\/\/edukatus.se\/en\/wp-json\/wp\/v2\/posts"}],"about":[{"href":"https:\/\/edukatus.se\/en\/wp-json\/wp\/v2\/types\/post"}],"author":[{"embeddable":true,"href":"https:\/\/edukatus.se\/en\/wp-json\/wp\/v2\/users\/8"}],"replies":[{"embeddable":true,"href":"https:\/\/edukatus.se\/en\/wp-json\/wp\/v2\/comments?post=2437"}],"version-history":[{"count":0,"href":"https:\/\/edukatus.se\/en\/wp-json\/wp\/v2\/posts\/2437\/revisions"}],"wp:featuredmedia":[{"embeddable":true,"href":"https:\/\/edukatus.se\/en\/wp-json\/wp\/v2\/media\/2309"}],"wp:attachment":[{"href":"https:\/\/edukatus.se\/en\/wp-json\/wp\/v2\/media?parent=2437"}],"curies":[{"name":"wp","href":"https:\/\/api.w.org\/{rel}","templated":true}]}}