{"id":1898,"date":"2024-07-17T14:32:20","date_gmt":"2024-07-17T12:32:20","guid":{"rendered":"https:\/\/edukatus.se\/en-kansloladdad-aterblick-astars-insats-starkte-varden-under-pandemin\/"},"modified":"2024-08-19T09:27:12","modified_gmt":"2024-08-19T07:27:12","slug":"en-kansloladdad-aterblick-astars-insats-starkte-varden-under-pandemin","status":"publish","type":"post","link":"https:\/\/edukatus.se\/en\/en-kansloladdad-aterblick-astars-insats-starkte-varden-under-pandemin\/","title":{"rendered":"Engelska &#8211; En k\u00e4nsloladdad \u00e5terblick \u2028\u2013 Astars insats st\u00e4rkte v\u00e5rden under pandemin"},"content":{"rendered":"\n<p>Under coronapandemins m\u00f6rkaste tid k\u00e4mpade v\u00e5rdpersonal med att h\u00e5lla huvudet \u00f6ver vattnet. De hade hopp och beslutsamhet men ocks\u00e5 k\u00e4nsla av \u00f6verv\u00e4ldigande arbetsbelastning och otillr\u00e4cklighet. Det var d\u00e5 Astar fick det viktiga uppdraget att snabbutbilda v\u00e5rdpersonal f\u00f6r att avlasta v\u00e5rden och det blev tydligt fr\u00e5n f\u00f6rsta dagen att b\u00e5de v\u00e5r personal och deltagarna hade best\u00e4mt sig f\u00f6r att g\u00f6ra skillnad.<\/p>\n\n\n\n<p>Detta var en enorm uppgift som kr\u00e4vde engagemang, flexibilitet och snabbhet av alla. Utbildningen p\u00e5 Astar l\u00e4rde deltagarna bland annat om att ta blodprov, h\u00e4mta utrustning, smitta, smittskyddssjukdom och hur man hindrar smittspridningen. Deltagarna fick en stabil grund att st\u00e5 p\u00e5 f\u00f6r att kunna st\u00f6tta v\u00e5rden p\u00e5 b\u00e4sta s\u00e4tt.<\/p>\n\n\n\n<p>Astars snabbutbildning och liknande insatser \u00f6ver hela landet var en viktig l\u00e4nk i kampen mot pandemin. Deltagarna fick chans att g\u00f6ra skillnad och genom att avlasta v\u00e5rden tog man ett stort steg i att s\u00e4kerst\u00e4lla att m\u00e4nniskor fick den v\u00e5rd och det st\u00f6d de beh\u00f6vde under den sv\u00e5ra tiden.<\/p>\n\n\n\n<p>Idag, ett \u00e5r senare, kan vi se tillbaka p\u00e5 denna insats med stolthet och tacksamhet. Det h\u00e4r \u00e4r en varm p\u00e5minnelse om vad som kan \u00e5stadkommas n\u00e4r vi arbetar tillsammans och anpassar oss snabbt till nya utmaningar.<\/p>\n","protected":false},"excerpt":{"rendered":"Det finns ingen kurs p\u00e5 gymnasiet d\u00e4r eleverna l\u00e4r sig s\u00e5 mycket inf\u00f6r vuxenlivet, om sig sj\u00e4lva och om hur det \u00e4r att arbeta i team \u00f6ver en l\u00e4ngre tid.","protected":false},"author":1,"featured_media":0,"comment_status":"closed","ping_status":"closed","sticky":false,"template":"","format":"standard","meta":{"_acf_changed":false,"_seopress_robots_primary_cat":"none","_seopress_titles_title":"","_seopress_titles_desc":"","_seopress_robots_index":"","_relevanssi_hide_post":"","_relevanssi_hide_content":"","_relevanssi_pin_for_all":"","_relevanssi_pin_keywords":"","_relevanssi_unpin_keywords":"","_relevanssi_related_keywords":"","_relevanssi_related_include_ids":"","_relevanssi_related_exclude_ids":"","_relevanssi_related_no_append":"","_relevanssi_related_not_related":"","_relevanssi_related_posts":"","_relevanssi_noindex_reason":"","footnotes":""},"class_list":["post-1898","post","type-post","status-publish","format-standard","hentry"],"acf":[],"_links":{"self":[{"href":"https:\/\/edukatus.se\/en\/wp-json\/wp\/v2\/posts\/1898","targetHints":{"allow":["GET"]}}],"collection":[{"href":"https:\/\/edukatus.se\/en\/wp-json\/wp\/v2\/posts"}],"about":[{"href":"https:\/\/edukatus.se\/en\/wp-json\/wp\/v2\/types\/post"}],"author":[{"embeddable":true,"href":"https:\/\/edukatus.se\/en\/wp-json\/wp\/v2\/users\/1"}],"replies":[{"embeddable":true,"href":"https:\/\/edukatus.se\/en\/wp-json\/wp\/v2\/comments?post=1898"}],"version-history":[{"count":0,"href":"https:\/\/edukatus.se\/en\/wp-json\/wp\/v2\/posts\/1898\/revisions"}],"wp:attachment":[{"href":"https:\/\/edukatus.se\/en\/wp-json\/wp\/v2\/media?parent=1898"}],"curies":[{"name":"wp","href":"https:\/\/api.w.org\/{rel}","templated":true}]}}